




{"id":799,"date":"2016-11-14T17:40:30","date_gmt":"2016-11-14T16:40:30","guid":{"rendered":"http:\/\/baluchon.fr\/site\/?p=799"},"modified":"2016-11-14T17:40:30","modified_gmt":"2016-11-14T16:40:30","slug":"baluchon-recrute-2-stages-a-pourvoir","status":"publish","type":"post","link":"http:\/\/baluchon.fr\/site\/baluchon-recrute-2-stages-a-pourvoir\/","title":{"rendered":"Baluchon recrute ! 2 stages \u00e0 pourvoir"},"content":{"rendered":"<p><span style=\"color: #1d2129;\">On recherche 2 formidables stagiaires pour rejoindre l&rsquo;\u00e9quipe<\/span><\/p>\n<p><span style=\"color: #1d2129;\">&#8211; stage commercial<\/span><\/p>\n<p>&#8211; stage communication et \u00e9v\u00e9nements.<\/p>\n<p>A vos claviers!<\/p>\n<p><strong>STAGE COMMERCIAL<\/strong><br \/>\n(CV + LM \u00e0 <a href=\"mailto:yolaine.urvoy@baluchon.fr\">yolaine.urvoy@baluchon.fr<\/a>)<\/p>\n<p>Dans le cadre du d\u00e9veloppement important de ses activit\u00e9s et notamment de son offre \u00e0 destination des professionnels (services traiteur, plateaux-repas), Baluchon cherche un.e stagiaire engag\u00e9.e pour rejoindre une \u00e9quipe commerciale surmotiv\u00e9e, au sein d\u2019une structure en plein changement d\u2019\u00e9chelle visant \u00e0 maximiser son impact social.<\/p>\n<p>MISSIONS<\/p>\n<ul>\n<li>Participation \u00e0 la r\u00e9alisation du plan de d\u00e9veloppement commercial<\/li>\n<li>R\u00e9alisation de propositions commerciales, tant sur catalogue que sur-mesure d\u2019apr\u00e8s une \u00e9coute attentive et active des besoins exprim\u00e9s<\/li>\n<li>Suivi de la relation clients, consid\u00e9r\u00e9s comme parties prenantes de l\u2019aventure<\/li>\n<li>Suivi des relations avec la production<\/li>\n<li>Participation \u00e0 des projets commerciaux et \u00e9v\u00e9nementiels (suivi clients, lieux d\u2019accueil, prestataires\u2026)<\/li>\n<li>Appui aux autres activit\u00e9s selon les besoins du service (B2C, \u00e9v\u00e9nements, communication)<\/li>\n<\/ul>\n<p>PROFIL RECHERCH\u00c9<\/p>\n<ul>\n<li>Formation Bac + 4\/5 Ecole de commerce, Sciences politiques, Arts\/lettres<\/li>\n<li>Forte motivation \u00e0 contribuer au d\u00e9veloppement d\u2019un mod\u00e8le innovant<\/li>\n<li>Int\u00e9r\u00eat pour la cuisine et l\u2019\u00e9conomie sociale et solidaire<\/li>\n<li>Curiosit\u00e9, r\u00e9activit\u00e9, initiative<\/li>\n<li>Sens du travail en \u00e9quipe<\/li>\n<li>Permis B<\/li>\n<\/ul>\n<p>&nbsp;<\/p>\n<p><strong>STAGE COMMUNICATION\/\u00c9V\u00c9NEMENTS<br \/>\n<\/strong>(CV + LM: <a href=\"mailto:louise.fourquet@baluchon.fr\">louise.fourquet@baluchon.fr<\/a>)<\/p>\n<p>Dans le cadre d\u2019une \u00e9tude-action portant sur la cr\u00e9ation d\u2019une activit\u00e9 de conseil et \u00e9v\u00e9nementielle \u00e0 impact social (Le merle blanc), Baluchon recherche un.e stagiaire motiv\u00e9.e par les missions suivantes\u00a0:<\/p>\n<p>MISSIONS<\/p>\n<ul>\n<li>Participation \u00e0 l\u2019\u00e9laboration d\u2019un plan de communication pour Baluchon, ses activit\u00e9s et son \u00e9cosyst\u00e8me<\/li>\n<li>R\u00e9alisation de supports de communication: d\u00e9finition des contenus, r\u00e9daction, ex\u00e9cution ou suivi d\u2019ex\u00e9cution<\/li>\n<li>Mise \u00e0 jour des outils existants (sites internets, blog, RS, newsletters, affichage, cartes et menus\u2026)<\/li>\n<li>Participation \u00e0 la conception et suivi de la mise en \u0153uvre d\u2019animations commerciales (ateliers culinaires antigaspi, solidaires, d\u00e9monstrations\u2026)<\/li>\n<li>Suivi des partenariats et des prestataires<\/li>\n<li>Contribution \u00e0 la r\u00e9alisation de l\u2019\u00e9tude-action visant \u00e0 d\u00e9finir les conditions de la cr\u00e9ation d\u2019une structure ad hoc pour porter ces activit\u00e9s : \u00e9tude de march\u00e9, d\u00e9finition de l\u2019offre, mise en place d\u2019actions\u2026<\/li>\n<\/ul>\n<p>PROFIL RECHERCH\u00c9<\/p>\n<ul>\n<li>Forte motivation \u00e0 contribuer au d\u00e9veloppement d\u2019un mod\u00e8le innovant<\/li>\n<li>Ma\u00eetrise des outils bureautiques courants (logiciels de mise en page un plus)<\/li>\n<li>Excellente r\u00e9daction<\/li>\n<li>Curiosit\u00e9, r\u00e9activit\u00e9, initiative<\/li>\n<li>Sens du travail en \u00e9quipe<\/li>\n<\/ul>\n<p>&nbsp;<\/p>\n<p><strong>CONDITIONS<\/strong><\/p>\n<p>Postes bas\u00e9s \u00e0 Romainville (93). A pourvoir fin 2016\/d\u00e9but 2017\u00a0pour 6 mois<br \/>\nTemps de travail hebdomadaire\u00a0: 35 heures (5 jours \/ semaine)<br \/>\nIndemnit\u00e9s l\u00e9gales de stage + remboursement \u00e0 50 % du titre de transport.<\/p>\n","protected":false},"excerpt":{"rendered":"<p>On recherche 2 formidables stagiaires pour rejoindre l&rsquo;\u00e9quipe &#8211; stage commercial &#8211; stage communication et \u00e9v\u00e9nements. A vos claviers! STAGE COMMERCIAL (CV + LM \u00e0 yolaine.urvoy@baluchon.fr) Dans le cadre du d\u00e9veloppement important de ses activit\u00e9s et notamment de son offre \u00e0 destination des professionnels (services traiteur, plateaux-repas), Baluchon cherche un.e stagiaire engag\u00e9.e pour rejoindre une [&hellip;]<\/p>\n","protected":false},"author":4,"featured_media":800,"comment_status":"open","ping_status":"open","sticky":false,"template":"","format":"standard","meta":[],"categories":[14],"tags":[],"_links":{"self":[{"href":"http:\/\/baluchon.fr\/site\/wp-json\/wp\/v2\/posts\/799"}],"collection":[{"href":"http:\/\/baluchon.fr\/site\/wp-json\/wp\/v2\/posts"}],"about":[{"href":"http:\/\/baluchon.fr\/site\/wp-json\/wp\/v2\/types\/post"}],"author":[{"embeddable":true,"href":"http:\/\/baluchon.fr\/site\/wp-json\/wp\/v2\/users\/4"}],"replies":[{"embeddable":true,"href":"http:\/\/baluchon.fr\/site\/wp-json\/wp\/v2\/comments?post=799"}],"version-history":[{"count":1,"href":"http:\/\/baluchon.fr\/site\/wp-json\/wp\/v2\/posts\/799\/revisions"}],"predecessor-version":[{"id":801,"href":"http:\/\/baluchon.fr\/site\/wp-json\/wp\/v2\/posts\/799\/revisions\/801"}],"wp:featuredmedia":[{"embeddable":true,"href":"http:\/\/baluchon.fr\/site\/wp-json\/wp\/v2\/media\/800"}],"wp:attachment":[{"href":"http:\/\/baluchon.fr\/site\/wp-json\/wp\/v2\/media?parent=799"}],"wp:term":[{"taxonomy":"category","embeddable":true,"href":"http:\/\/baluchon.fr\/site\/wp-json\/wp\/v2\/categories?post=799"},{"taxonomy":"post_tag","embeddable":true,"href":"http:\/\/baluchon.fr\/site\/wp-json\/wp\/v2\/tags?post=799"}],"curies":[{"name":"wp","href":"https:\/\/api.w.org\/{rel}","templated":true}]}}